{"id":61420,"date":"2023-12-12T17:39:27","date_gmt":"2023-12-12T08:39:27","guid":{"rendered":"https:\/\/monolith.law\/hu\/?p=61420"},"modified":"2026-04-26T15:24:00","modified_gmt":"2026-04-26T06:24:00","slug":"collapse-of-the-system-development-project","status":"publish","type":"post","link":"https:\/\/monolith.law\/hu\/it\/collapse-of-the-system-development-project","title":{"rendered":"A 'kigyullad\u00e1s' jogi vonatkoz\u00e1sai a rendszerfejleszt\u00e9si projektekben"},"content":{"rendered":"\n<p>A rendszerszoftver-fejleszt\u00e9si projektek nem val\u00f3s\u00edthat\u00f3k meg egyik napr\u00f3l a m\u00e1sikra, hanem sz\u00e1mos ember, szervezet, jelent\u0151s p\u00e9nz\u00fcgyi forr\u00e1sok \u00e9s hossz\u00fa fejleszt\u00e9si id\u0151szakok bevon\u00e1s\u00e1val val\u00f3sulhatnak meg. Ebben a cikkben bemutatjuk, hogy a rendszerszoftver-fejleszt\u00e9si projektek &#8220;ki\u00e9g\u00e9s\u00e9nek&#8221; jelens\u00e9ge hogyan rendezhet\u0151 a jogi keretrendszer alapj\u00e1n, \u00e9s \u00f6sszefoglaljuk a megold\u00e1sok ir\u00e1nyelveit.<\/p>\n\n\n\n<div id=\"ez-toc-container\" class=\"ez-toc-v2_0_53 counter-hierarchy ez-toc-counter ez-toc-grey ez-toc-container-direction\">\n<div class=\"ez-toc-title-container\">\n<span class=\"ez-toc-title-toggle\"><\/span><\/div>\n<nav><ul class='ez-toc-list ez-toc-list-level-1 ' ><li class='ez-toc-page-1 ez-toc-heading-level-2'><a class=\"ez-toc-link ez-toc-heading-1\" href=\"https:\/\/monolith.law\/hu\/it\/collapse-of-the-system-development-project\/#Miert_%E2%80%9Eegnek_le%E2%80%9D_a_projektek\" title=\"Mi\u00e9rt \u201e\u00e9gnek le\u201d a projektek?\">Mi\u00e9rt \u201e\u00e9gnek le\u201d a projektek?<\/a><\/li><li class='ez-toc-page-1 ez-toc-heading-level-2'><a class=\"ez-toc-link ez-toc-heading-2\" href=\"https:\/\/monolith.law\/hu\/it\/collapse-of-the-system-development-project\/#Tuzvesz_tipus_1_Amikor_a_projekt_feluton_meghiusul\" title=\"T\u0171zv\u00e9sz t\u00edpus 1: Amikor a projekt f\u00e9l\u00faton meghi\u00fasul\">T\u0171zv\u00e9sz t\u00edpus 1: Amikor a projekt f\u00e9l\u00faton meghi\u00fasul<\/a><\/li><li class='ez-toc-page-1 ez-toc-heading-level-2'><a class=\"ez-toc-link ez-toc-heading-3\" href=\"https:\/\/monolith.law\/hu\/it\/collapse-of-the-system-development-project\/#Tuzvesz_tipus_2_Felhasznaloi_oldali_lemondas_sajat_erdekbol\" title=\"T\u0171zv\u00e9sz t\u00edpus 2: Felhaszn\u00e1l\u00f3i oldali lemond\u00e1s saj\u00e1t \u00e9rdekb\u0151l\">T\u0171zv\u00e9sz t\u00edpus 2: Felhaszn\u00e1l\u00f3i oldali lemond\u00e1s saj\u00e1t \u00e9rdekb\u0151l<\/a><\/li><li class='ez-toc-page-1 ez-toc-heading-level-2'><a class=\"ez-toc-link ez-toc-heading-4\" href=\"https:\/\/monolith.law\/hu\/it\/collapse-of-the-system-development-project\/#Osszefoglalas\" title=\"\u00d6sszefoglal\u00e1s\">\u00d6sszefoglal\u00e1s<\/a><\/li><\/ul><\/nav><\/div>\n<h2 class=\"wp-block-heading\"><span class=\"ez-toc-section\" id=\"Miert_%E2%80%9Eegnek_le%E2%80%9D_a_projektek\"><\/span>Mi\u00e9rt \u201e\u00e9gnek le\u201d a projektek?<span class=\"ez-toc-section-end\"><\/span><\/h2>\n\n\n\n<p>Egy IT rendszer, m\u00e9g ha nem is k\u00fcl\u00f6n\u00f6sen nagy m\u00e9ret\u0171 projekt, csak akkor m\u0171k\u00f6dik megfelel\u0151en, ha rengeteg programf\u00e1jl \u00e9s forr\u00e1sk\u00f3d van \u00f6sszehordva. Az interf\u00e9szr\u0151l n\u00e9zve a m\u0171k\u00f6d\u00e9s sokkal bonyolultabb, mint amit elk\u00e9pzelhetn\u00e9nk (vagy \u00e9ppen ellenkez\u0151leg, min\u00e9l egyszer\u0171bb \u00e9s t\u00f6m\u00f6rebb az interf\u00e9szr\u0151l n\u00e9zve az IT rendszer), gyakran nagyon apr\u00f3l\u00e9kos \u00e9s prec\u00edz a kialak\u00edt\u00e1sa.<\/p>\n\n\n\n<ul>\n<li>A hat\u00e1rid\u0151 m\u00e1r megvan, de a specifik\u00e1ci\u00f3k \u00e9s k\u00f6vetelm\u00e9nyek m\u00e9g mindig hom\u00e1lyosak, \u00e9s az id\u0151 csak telik<\/li>\n\n\n\n<li>A csapattagokat csak a c\u00e9g bels\u0151 politikai probl\u00e9m\u00e1i foglalkoztatj\u00e1k, \u00e9s sokan k\u00f6z\u00fcl\u00fck a szem\u00e9lyes kapcsolatokb\u00f3l ad\u00f3d\u00f3 stressz miatt id\u0151 el\u0151tt kisz\u00e1llnak<\/li>\n\n\n\n<li>A projektmenedzser \u00e9s a menedzsment r\u00e9teg is hi\u00e1nyos a t\u00e1rgyal\u00e1si k\u00e9szs\u00e9gekben, \u00e9s nem k\u00e9rik meg a csapattagokat a megfelel\u0151 jelent\u00e9sek, kommunik\u00e1ci\u00f3 \u00e9s konzult\u00e1ci\u00f3k elk\u00e9sz\u00edt\u00e9s\u00e9re<\/li>\n<\/ul>\n\n\n\n<p>A projektek konkr\u00e9t \u201ele\u00e9g\u00e9s\u00e9nek\u201d okai projekt-specifikusak lehetnek. Azonban jogi szempontb\u00f3l a projektek \u201ele\u00e9g\u00e9s\u00e9nek\u201d okait viszonylag egyszer\u0171en lehet csoportos\u00edtani n\u00e9h\u00e1ny t\u00edpusba.<\/p>\n\n\n\n<h2 class=\"wp-block-heading\"><span class=\"ez-toc-section\" id=\"Tuzvesz_tipus_1_Amikor_a_projekt_feluton_meghiusul\"><\/span>T\u0171zv\u00e9sz t\u00edpus 1: Amikor a projekt f\u00e9l\u00faton meghi\u00fasul<span class=\"ez-toc-section-end\"><\/span><\/h2>\n\n\n\n<p>A rendszerfejleszt\u00e9s sor\u00e1n gyakran el\u0151fordul, hogy a projekt f\u00e9l\u00faton meghi\u00fasul, \u00e9s ennek tipikus oka a felhaszn\u00e1l\u00f3k \u00e9s a szolg\u00e1ltat\u00f3k k\u00f6z\u00f6tti kommunik\u00e1ci\u00f3s zavar. A rendszerfejleszt\u00e9si projektekben a szolg\u00e1ltat\u00f3k szakmai technikai \u00e9s szervezeti k\u00e9pess\u00e9gei n\u00e9lk\u00fcl\u00f6zhetetlenek, de a v\u00e9gs\u0151 felhaszn\u00e1l\u00f3k egy\u00fcttm\u0171k\u00f6d\u00e9se is elengedhetetlen a projekt siker\u00e9hez.<\/p>\n\n\n\n<p>Ha egy projektben nem tiszt\u00e1zott, hogy milyen szerepet v\u00e1llalnak a felek, \u00e9s a projekt halad el\u0151re an\u00e9lk\u00fcl, hogy ezt tiszt\u00e1zn\u00e1k, akkor el\u0151fordulhat, hogy a munka &#8220;odacsap\u00f3dik&#8221; egym\u00e1snak, ami akad\u00e1lyozza a projekt z\u00f6kken\u0151mentes el\u0151rehalad\u00e1s\u00e1t. A felhaszn\u00e1l\u00f3k \u00e9s a szolg\u00e1ltat\u00f3k k\u00f6telezetts\u00e9geir\u0151l, valamint a jogi megfontol\u00e1sokr\u00f3l az al\u00e1bbi cikkekben olvashat b\u0151vebben.<\/p>\n\n\n\n<p><a href=\"https:\/\/monolith.law\/corporate\/project-management-duties\" target=\"_blank\" rel=\"noreferrer noopener\">https:\/\/monolith.law\/corporate\/project-management-duties[ja]<\/a><\/p>\n\n\n\n<p><a href=\"https:\/\/monolith.law\/corporate\/user-obligatory-cooporation\" target=\"_blank\" rel=\"noreferrer noopener\">https:\/\/monolith.law\/corporate\/user-obligatory-cooporation[ja]<\/a><\/p>\n\n\n\n<p>A felek \u00e1ltal v\u00e1llalt felel\u0151ss\u00e9gek r\u00e9szleteit az el\u0151z\u0151 cikkekben tal\u00e1lja, de a l\u00e9nyeg, hogy egy rendszerfejleszt\u00e9si projektben mind a felhaszn\u00e1l\u00f3knak, mind a szolg\u00e1ltat\u00f3knak vannak bizonyos felel\u0151ss\u00e9geik. Nagy vonalakban a k\u00f6vetelm\u00e9nyek meghat\u00e1roz\u00e1sa, a fel\u00fclet tervez\u00e9se (azaz az alapvet\u0151 tervez\u00e9s), az \u00e1tv\u00e9tel \u00e9s m\u00e1s, a felhaszn\u00e1l\u00f3k egy\u00fcttm\u0171k\u00f6d\u00e9se n\u00e9lk\u00fcl nem teljes\u00edthet\u0151 feladatok eset\u00e9ben a b\u00edr\u00f3s\u00e1gok elismerik a felhaszn\u00e1l\u00f3k egy\u00fcttm\u0171k\u00f6d\u00e9si k\u00f6telezetts\u00e9g\u00e9t.<\/p>\n\n\n\n<p>M\u00e1sr\u00e9szr\u0151l a szolg\u00e1ltat\u00f3knak is vannak k\u00f6telezetts\u00e9geik, p\u00e9ld\u00e1ul a projekt z\u00f6kken\u0151mentes el\u0151rehalad\u00e1s\u00e1nak biztos\u00edt\u00e1sa, a probl\u00e9m\u00e1k azonos\u00edt\u00e1sa \u00e9s megold\u00e1sa, valamint a felhaszn\u00e1l\u00f3k t\u00e1mogat\u00e1sa (\u00e9s ugyanakkor a kommunik\u00e1ci\u00f3s er\u0151fesz\u00edt\u00e9sek megt\u00e9tele).<\/p>\n\n\n\n<p>Ezen gondolkod\u00e1sm\u00f3d alapj\u00e1n a b\u00edr\u00f3s\u00e1gok azt v\u00e1rj\u00e1k el, hogy a felhaszn\u00e1l\u00f3k bels\u0151 rendszereik\u00e9nt gyakorolj\u00e1k a korm\u00e1nyz\u00e1st, m\u00edg a szolg\u00e1ltat\u00f3k k\u00fcls\u0151 szak\u00e9rt\u0151kk\u00e9nt mutass\u00e1k be szakmai \u00e9s technikai k\u00e9pess\u00e9geiket, \u00e9s mindk\u00e9t f\u00e9l hozz\u00e1\u00e1ll\u00e1sa legyen a konfliktusok igazs\u00e1gos kezel\u00e9se.<\/p>\n\n\n\n<p>A &#8220;meghi\u00fasul\u00e1s&#8221; gyakran az \u00e1tv\u00e9tel sor\u00e1n k\u00f6vetkezik be. Az \u00e1tv\u00e9telr\u0151l r\u00e9szletesen olvashat az al\u00e1bbi cikkben.<\/p>\n\n\n\n<p><a href=\"https:\/\/monolith.law\/corporate\/estimated-inspection-of-system-development\" target=\"_blank\" rel=\"noreferrer noopener\">https:\/\/monolith.law\/corporate\/estimated-inspection-of-system-development[ja]<\/a><\/p>\n\n\n\n<p>Ilyen esetekben, ha konfliktus alakul ki, a b\u00edr\u00f3s\u00e1gok nagy hangs\u00falyt fektetnek a kor\u00e1bbi projektek alakul\u00e1s\u00e1ra, a megbesz\u00e9l\u00e9sek tartalm\u00e1ra \u00e9s m\u00e1s objekt\u00edven ellen\u0151rizhet\u0151 bizony\u00edt\u00e9kokra. Ez\u00e9rt a kor\u00e1bban r\u00f6gz\u00edtett dokumentumok nagy jelent\u0151s\u00e9ggel b\u00edrnak. A dokumentumkezel\u00e9s alapvet\u0151 fontoss\u00e1g\u00fa a saj\u00e1t poz\u00edci\u00f3j\u00e1nak v\u00e9delme \u00e9rdek\u00e9ben. A rendszerfejleszt\u00e9s sor\u00e1n a dokumentumkezel\u00e9s fontoss\u00e1g\u00e1r\u00f3l az al\u00e1bbi cikkben olvashat b\u0151vebben.<\/p>\n\n\n\n<p><a href=\"https:\/\/monolith.law\/corporate\/the-minutes-in-system-development\" target=\"_blank\" rel=\"noreferrer noopener\">https:\/\/monolith.law\/corporate\/the-minutes-in-system-development[ja]<\/a><\/p>\n\n\n\n<h2 class=\"wp-block-heading\"><span class=\"ez-toc-section\" id=\"Tuzvesz_tipus_2_Felhasznaloi_oldali_lemondas_sajat_erdekbol\"><\/span>T\u0171zv\u00e9sz t\u00edpus 2: Felhaszn\u00e1l\u00f3i oldali lemond\u00e1s saj\u00e1t \u00e9rdekb\u0151l<span class=\"ez-toc-section-end\"><\/span><\/h2>\n\n\n\n<figure class=\"wp-block-image size-full is-resized\"><img decoding=\"async\" loading=\"lazy\" width=\"735\" height=\"490\" src=\"https:\/\/monolith.law\/hu\/wp-content\/uploads\/sites\/31\/2026\/04\/collapse-of-the-system-development-project-2.jpg\" alt=\"\" class=\"wp-image-73119\" style=\"aspect-ratio:1.5;width:840px;height:auto\" srcset=\"https:\/\/monolith.law\/hu\/wp-content\/uploads\/sites\/31\/2026\/04\/collapse-of-the-system-development-project-2.jpg 735w, https:\/\/monolith.law\/hu\/wp-content\/uploads\/sites\/31\/2026\/04\/collapse-of-the-system-development-project-2-300x200.jpg 300w, https:\/\/monolith.law\/hu\/wp-content\/uploads\/sites\/31\/2026\/04\/collapse-of-the-system-development-project-2-250x167.jpg 250w\" sizes=\"(max-width: 735px) 100vw, 735px\" \/><figcaption class=\"wp-element-caption\">Mi t\u00f6rt\u00e9nik, ha a projekt k\u00f6zep\u00e9n t\u00f6rt\u00e9nik a lemond\u00e1s?<\/figcaption><\/figure>\n\n\n\n<p>El\u0151fordulhat, hogy a projekt k\u00f6zep\u00e9n a felhaszn\u00e1l\u00f3i oldal k\u00e9r\u00e9s\u00e9re a projektet le\u00e1ll\u00edtj\u00e1k. P\u00e9ld\u00e1ul, ha egy v\u00e1llalat elkezd egy IT rendszert \u00e9p\u00edteni, amely egys\u00e9gesen kezeli a szem\u00e9lyzeti adminisztr\u00e1ci\u00f3t, bele\u00e9rtve a k\u00fclf\u00f6ldi irod\u00e1kat is, \u00e9s a v\u00e1llalat visszavonja a k\u00fclf\u00f6ldi terjeszked\u00e9si strat\u00e9gi\u00e1j\u00e1t, akkor a rendszer fejleszt\u00e9se m\u00e1r nem sz\u00fcks\u00e9ges a felhaszn\u00e1l\u00f3 sz\u00e1m\u00e1ra.<\/p>\n\n\n\n<p>Alapvet\u0151en az, hogy milyen IT rendszert kell \u00e9p\u00edteni egy v\u00e1llalatban, nem v\u00e1laszthat\u00f3 el att\u00f3l a k\u00e9rd\u00e9st\u0151l, hogy milyen munkafolyamatok vannak a v\u00e1llalatban. Ez\u00e9rt, ha jelent\u0151s v\u00e1ltoz\u00e1sok t\u00f6rt\u00e9nnek a szervezeti strukt\u00far\u00e1ban vagy az \u00fczleti egys\u00e9gekben, vagy ha a strat\u00e9gi\u00e1t alapvet\u0151en fel\u00fclvizsg\u00e1lj\u00e1k, akkor a sz\u00fcks\u00e9ges (vagy m\u00e1r nem sz\u00fcks\u00e9ges) rendszer k\u00f6vetelm\u00e9nyei is megv\u00e1ltozhatnak.<\/p>\n\n\n\n<p>Ilyen k\u00f6r\u00fclm\u00e9nyek k\u00f6z\u00f6tt, ha a projektet k\u00f6zben felf\u00fcggesztik, sz\u00e1mos jogi k\u00e9rd\u00e9s mer\u00fclhet fel. Ilyen esetekben \u00e1ltal\u00e1ban a felhaszn\u00e1l\u00f3 saj\u00e1t \u00e9rdeke miatt t\u00f6rt\u00e9nik a felf\u00fcggeszt\u00e9s, \u00edgy a szolg\u00e1ltat\u00f3 oldalnak is bizonyos jogi jogai vannak, p\u00e9ld\u00e1ul a munka befejez\u00e9si ar\u00e1ny\u00e1nak megfelel\u0151 d\u00edjaz\u00e1s. A konkr\u00e9t jogalap a szerz\u0151d\u00e9s t\u00edpus\u00e1t\u00f3l f\u00fcgg, de \u00e1ltal\u00e1noss\u00e1gban az al\u00e1bbiak szerint rendezhet\u0151:<\/p>\n\n\n\n<blockquote class=\"wp-block-quote\">\n<p>\u30fbMegb\u00edz\u00e1si szerz\u0151d\u00e9s eset\u00e9n: Polg\u00e1ri T\u00f6rv\u00e9nyk\u00f6nyv 641. cikk<br> Polg\u00e1ri T\u00f6rv\u00e9nyk\u00f6nyv 641. cikk<br> \u2192 A megb\u00edzott munk\u00e1j\u00e1nak befejez\u00e9se el\u0151tt a megb\u00edz\u00f3 b\u00e1rmikor felmondhatja a szerz\u0151d\u00e9st, k\u00e1rt\u00e9r\u00edt\u00e9s fizet\u00e9se mellett.<br> \u30fbK\u00f6zvetett megb\u00edz\u00e1si szerz\u0151d\u00e9s eset\u00e9n: Polg\u00e1ri T\u00f6rv\u00e9nyk\u00f6nyv 648. cikk 3. bekezd\u00e9s (a helyzett\u0151l f\u00fcgg\u0151en a Polg\u00e1ri T\u00f6rv\u00e9nyk\u00f6nyv 651. cikk alapj\u00e1n k\u00e1rt\u00e9r\u00edt\u00e9si ig\u00e9ny is felmer\u00fclhet)<br> Polg\u00e1ri T\u00f6rv\u00e9nyk\u00f6nyv 648. cikk<br> \u2192 Ha a megb\u00edz\u00e1s a megb\u00edzott hib\u00e1j\u00e1b\u00f3l nem teljes\u00edthet\u0151 \u00e9s a teljes\u00edt\u00e9s k\u00f6zben megszakad, a megb\u00edzott a m\u00e1r teljes\u00edtett munka ar\u00e1ny\u00e1ban d\u00edjat ig\u00e9nyelhet.<br> Polg\u00e1ri T\u00f6rv\u00e9nyk\u00f6nyv 651. cikk<br> \u2192 1. A megb\u00edz\u00e1st mindk\u00e9t f\u00e9l b\u00e1rmikor felmondhatja.<br> \u2192 2. Ha az egyik f\u00e9l a m\u00e1sik f\u00e9l sz\u00e1m\u00e1ra h\u00e1tr\u00e1nyos id\u0151pontban mondja fel a megb\u00edz\u00e1st, akkor a felmond\u00f3 f\u00e9lnek k\u00e1rt\u00e9r\u00edt\u00e9st kell fizetnie a m\u00e1sik f\u00e9lnek. Ha azonban elker\u00fclhetetlen okb\u00f3l t\u00f6rt\u00e9nt a felmond\u00e1s, akkor ez nem \u00e9rv\u00e9nyes.<\/p>\n<\/blockquote>\n\n\n\n<h2 class=\"wp-block-heading\"><span class=\"ez-toc-section\" id=\"Osszefoglalas\"><\/span>\u00d6sszefoglal\u00e1s<span class=\"ez-toc-section-end\"><\/span><\/h2>\n\n\n\n<p>Az egyes rendszerfejleszt\u00e9si projektek v\u00e1ltozatos \u00e9s soksz\u00edn\u0171 kih\u00edv\u00e1sokon mennek kereszt\u00fcl. Azonban, ha a jogi projektek &#8220;kigyullad\u00e1s\u00e1r\u00f3l&#8221; besz\u00e9l\u00fcnk, a cikkben bemutatott keretrendszer szolg\u00e1lhat egyfajta \u00e1ttekint\u0151 t\u00e9rk\u00e9pk\u00e9nt. A rendszerfejleszt\u00e9ssel kapcsolatos jogi k\u00e9rd\u00e9sek val\u00f3ban sz\u00e1mos k\u00fcl\u00f6nb\u00f6z\u0151 t\u00e9m\u00e1t foglalnak magukban.<\/p>\n\n\n\n<p>Ugyanakkor, ahogyan a rendszerfejleszt\u00e9si munka konstrukt\u00edv gondolkod\u00e1st ig\u00e9nyel, \u00fagy a hozz\u00e1 kapcsol\u00f3d\u00f3 kock\u00e1zatkezel\u00e9s is hat\u00e9konyabban v\u00e9gezhet\u0151 el, ha nem vesz\u00edtj\u00fck szem el\u0151l a teljes k\u00e9pet. Nem gondolj\u00e1k?<\/p>\n","protected":false},"excerpt":{"rendered":"<p>A rendszerszoftver-fejleszt\u00e9si projektek nem val\u00f3s\u00edthat\u00f3k meg egyik napr\u00f3l a m\u00e1sikra, hanem sz\u00e1mos ember, szervezet, jelent\u0151s p\u00e9nz\u00fcgyi forr\u00e1sok \u00e9s hossz\u00fa fejleszt\u00e9si id\u0151szakok bevon\u00e1s\u00e1val val\u00f3sulhatna [&hellip;]<\/p>\n","protected":false},"author":32,"featured_media":73117,"comment_status":"open","ping_status":"open","sticky":false,"template":"","format":"standard","meta":{"footnotes":""},"categories":[16],"tags":[19,31],"acf":[],"_links":{"self":[{"href":"https:\/\/monolith.law\/hu\/wp-json\/wp\/v2\/posts\/61420"}],"collection":[{"href":"https:\/\/monolith.law\/hu\/wp-json\/wp\/v2\/posts"}],"about":[{"href":"https:\/\/monolith.law\/hu\/wp-json\/wp\/v2\/types\/post"}],"author":[{"embeddable":true,"href":"https:\/\/monolith.law\/hu\/wp-json\/wp\/v2\/users\/32"}],"replies":[{"embeddable":true,"href":"https:\/\/monolith.law\/hu\/wp-json\/wp\/v2\/comments?post=61420"}],"version-history":[{"count":3,"href":"https:\/\/monolith.law\/hu\/wp-json\/wp\/v2\/posts\/61420\/revisions"}],"predecessor-version":[{"id":73120,"href":"https:\/\/monolith.law\/hu\/wp-json\/wp\/v2\/posts\/61420\/revisions\/73120"}],"wp:featuredmedia":[{"embeddable":true,"href":"https:\/\/monolith.law\/hu\/wp-json\/wp\/v2\/media\/73117"}],"wp:attachment":[{"href":"https:\/\/monolith.law\/hu\/wp-json\/wp\/v2\/media?parent=61420"}],"wp:term":[{"taxonomy":"category","embeddable":true,"href":"https:\/\/monolith.law\/hu\/wp-json\/wp\/v2\/categories?post=61420"},{"taxonomy":"post_tag","embeddable":true,"href":"https:\/\/monolith.law\/hu\/wp-json\/wp\/v2\/tags?post=61420"}],"curies":[{"name":"wp","href":"https:\/\/api.w.org\/{rel}","templated":true}]}}