{"id":58268,"date":"2023-10-05T15:30:26","date_gmt":"2023-10-05T06:30:26","guid":{"rendered":"https:\/\/monolith.law\/pt\/?p=58268"},"modified":"2024-05-09T21:38:47","modified_gmt":"2024-05-09T12:38:47","slug":"music-copyright","status":"publish","type":"post","link":"https:\/\/monolith.law\/pt\/internet\/music-copyright","title":{"rendered":"Onde est\u00e1 a linha de &#8216;pl\u00e1gio&#8217; de uma melodia musical? Explica\u00e7\u00e3o do caso de reprodu\u00e7\u00e3o e obra derivada &#8216;Vamos at\u00e9 o fim vs Caso \u00c1rvore Comemorativa&#8217;"},"content":{"rendered":"\n<p>A quest\u00e3o do &#8220;pl\u00e1gio&#8221; de melodias musicais \u00e9 uma \u00e1rea complexa que se situa na intersec\u00e7\u00e3o entre criatividade e direitos de autor. Em particular, o famoso caso jur\u00eddico &#8220;Vamos at\u00e9 ao fim vs Caso da \u00c1rvore Memorial&#8221; (nome japon\u00eas: \u300c\u3069\u3053\u307e\u3067\u3082\u884c\u3053\u3046vs\u8a18\u5ff5\u6a39\u4e8b\u4ef6\u300d) fornece um precedente not\u00e1vel na interpreta\u00e7\u00e3o de reprodu\u00e7\u00f5es e obras derivadas.<\/p>\n\n\n\n<p>Neste artigo, explicaremos a lei de direitos de autor e os casos jur\u00eddicos do ponto de vista de quando a m\u00fasica se torna &#8220;pl\u00e1gio&#8221;. Para aqueles interessados em atividades criativas e prote\u00e7\u00e3o de direitos de autor, este tema ter\u00e1 um significado importante.<\/p>\n\n\n\n<div id=\"ez-toc-container\" class=\"ez-toc-v2_0_53 counter-hierarchy ez-toc-counter ez-toc-grey ez-toc-container-direction\">\n<div class=\"ez-toc-title-container\">\n<span class=\"ez-toc-title-toggle\"><\/span><\/div>\n<nav><ul class='ez-toc-list ez-toc-list-level-1 ' ><li class='ez-toc-page-1 ez-toc-heading-level-2'><a class=\"ez-toc-link ez-toc-heading-1\" href=\"https:\/\/monolith.law\/pt\/internet\/music-copyright\/#O_que_sao_%E2%80%9CReproducao%E2%80%9D_e_%E2%80%9CObra_Derivada%E2%80%9D_na_Lei_de_Direitos_Autorais\" title=\"O que s\u00e3o &#8220;Reprodu\u00e7\u00e3o&#8221; e &#8220;Obra Derivada&#8221; na Lei de Direitos Autorais\">O que s\u00e3o &#8220;Reprodu\u00e7\u00e3o&#8221; e &#8220;Obra Derivada&#8221; na Lei de Direitos Autorais<\/a><\/li><li class='ez-toc-page-1 ez-toc-heading-level-2'><a class=\"ez-toc-link ez-toc-heading-2\" href=\"https:\/\/monolith.law\/pt\/internet\/music-copyright\/#%E2%80%9CVamos_ate_ao_fim_vs_Caso_da_Arvore_Comemorativa%E2%80%9D\" title=\"&#8220;Vamos at\u00e9 ao fim vs Caso da \u00c1rvore Comemorativa&#8221;\">&#8220;Vamos at\u00e9 ao fim vs Caso da \u00c1rvore Comemorativa&#8221;<\/a><ul class='ez-toc-list-level-3'><li class='ez-toc-heading-level-3'><a class=\"ez-toc-link ez-toc-heading-3\" href=\"https:\/\/monolith.law\/pt\/internet\/music-copyright\/#Decisao_do_tribunal_de_primeira_instancia_rejeicao_do_pedido_do_autor\" title=\"Decis\u00e3o do tribunal de primeira inst\u00e2ncia: rejei\u00e7\u00e3o do pedido do autor\">Decis\u00e3o do tribunal de primeira inst\u00e2ncia: rejei\u00e7\u00e3o do pedido do autor<\/a><\/li><li class='ez-toc-page-1 ez-toc-heading-level-3'><a class=\"ez-toc-link ez-toc-heading-4\" href=\"https:\/\/monolith.law\/pt\/internet\/music-copyright\/#Decisao_do_tribunal_de_apelacao_reconhecimento_do_pedido_do_autor\" title=\"Decis\u00e3o do tribunal de apela\u00e7\u00e3o: reconhecimento do pedido do autor\">Decis\u00e3o do tribunal de apela\u00e7\u00e3o: reconhecimento do pedido do autor<\/a><\/li><\/ul><\/li><li class='ez-toc-page-1 ez-toc-heading-level-2'><a class=\"ez-toc-link ez-toc-heading-5\" href=\"https:\/\/monolith.law\/pt\/internet\/music-copyright\/#Conclusao_Consulte_um_advogado_sobre_direitos_autorais\" title=\"Conclus\u00e3o: Consulte um advogado sobre direitos autorais\">Conclus\u00e3o: Consulte um advogado sobre direitos autorais<\/a><\/li><li class='ez-toc-page-1 ez-toc-heading-level-2'><a class=\"ez-toc-link ez-toc-heading-6\" href=\"https:\/\/monolith.law\/pt\/internet\/music-copyright\/#Apresentacao_das_medidas_tomadas_pelo_nosso_escritorio\" title=\"Apresenta\u00e7\u00e3o das medidas tomadas pelo nosso escrit\u00f3rio\">Apresenta\u00e7\u00e3o das medidas tomadas pelo nosso escrit\u00f3rio<\/a><\/li><\/ul><\/nav><\/div>\n<h2 class=\"wp-block-heading\"><span class=\"ez-toc-section\" id=\"O_que_sao_%E2%80%9CReproducao%E2%80%9D_e_%E2%80%9CObra_Derivada%E2%80%9D_na_Lei_de_Direitos_Autorais\"><\/span>O que s\u00e3o &#8220;Reprodu\u00e7\u00e3o&#8221; e &#8220;Obra Derivada&#8221; na Lei de Direitos Autorais<span class=\"ez-toc-section-end\"><\/span><\/h2>\n\n\n\n<p>Reprodu\u00e7\u00e3o \u00e9 o ato de criar algo id\u00eantico ao original, ou de recriar algo exatamente como era originalmente. Na Lei de Direitos Autorais Japonesa, \u00e9 estabelecido que:<\/p>\n\n\n\n<blockquote class=\"wp-block-quote\">\n<p>Lei de Direitos Autorais Japonesa (Direito de Reprodu\u00e7\u00e3o)<\/p>\n\n\n\n<p>Artigo 21: O autor tem o direito exclusivo de reproduzir a sua obra.<\/p>\n<\/blockquote>\n\n\n\n<p>Portanto, se uma obra for reproduzida sem a permiss\u00e3o do autor, isso constituir\u00e1 uma viola\u00e7\u00e3o do direito de reprodu\u00e7\u00e3o. No caso da m\u00fasica, a reprodu\u00e7\u00e3o \u00e9 frequentemente referida como &#8220;pl\u00e1gio&#8221; ou &#8220;c\u00f3pia&#8221;, e muitas vezes causa controv\u00e9rsia.<\/p>\n\n\n\n<p>Por outro lado, a Lei de Direitos Autorais Japonesa estabelece que uma obra musical arranjada \u00e9 considerada uma obra derivada, e a cria\u00e7\u00e3o de tal obra \u00e9 permitida com a permiss\u00e3o do autor.<\/p>\n\n\n\n<blockquote class=\"wp-block-quote\">\n<p>Lei de Direitos Autorais Japonesa Artigo 27 (Direito de Tradu\u00e7\u00e3o, Direito de Adapta\u00e7\u00e3o, etc.)<\/p>\n\n\n\n<p>O autor tem o direito exclusivo de traduzir, arranjar, transformar, adaptar para o teatro, cinematografizar, ou de outra forma adaptar a sua obra.<\/p>\n<\/blockquote>\n\n\n\n<p>Para explicar a diferen\u00e7a entre reprodu\u00e7\u00e3o e obra derivada, vamos usar como exemplo um caso judicial que gerou muita discuss\u00e3o sobre este assunto.<\/p>\n\n\n\n<h2 class=\"wp-block-heading\"><span class=\"ez-toc-section\" id=\"%E2%80%9CVamos_ate_ao_fim_vs_Caso_da_Arvore_Comemorativa%E2%80%9D\"><\/span>&#8220;Vamos at\u00e9 ao fim vs Caso da \u00c1rvore Comemorativa&#8221;<span class=\"ez-toc-section-end\"><\/span><\/h2>\n\n\n\n<figure class=\"wp-block-image size-full\"><img decoding=\"async\" src=\"https:\/\/monolith.law\/wp-content\/uploads\/2023\/01\/shutterstock_719893405.jpg\" alt=\"\u300c\u3069\u3053\u307e\u3067\u3082\u884c\u3053\u3046vs\u8a18\u5ff5\u6a39\u4e8b\u4ef6\u300d\" class=\"wp-image-58607\" \/><\/figure>\n\n\n\n<p>Este caso envolveu o compositor da m\u00fasica &#8220;Vamos at\u00e9 ao fim&#8221; (1966), Sr. Kobayashi Asei, e a editora musical Kanei, detentora dos direitos autorais da mesma, que processaram o Sr. Hattori Katsuhisa, compositor da m\u00fasica &#8220;\u00c1rvore Comemorativa&#8221; (1992). Alegaram que &#8220;\u00c1rvore Comemorativa&#8221; era uma c\u00f3pia de &#8220;Vamos at\u00e9 ao fim&#8221;, e o Sr. Kobayashi pediu indeniza\u00e7\u00e3o por viola\u00e7\u00e3o do direito de atribui\u00e7\u00e3o de autoria e do direito de integridade. A editora musical Kanei pediu indeniza\u00e7\u00e3o por viola\u00e7\u00e3o do direito de reprodu\u00e7\u00e3o. Por outro lado, o r\u00e9u, Sr. Hattori, argumentou que &#8220;\u00c1rvore Comemorativa&#8221; era uma m\u00fasica distinta de &#8220;Vamos at\u00e9 ao fim&#8221; e apresentou uma contra-a\u00e7\u00e3o para confirmar que ele detinha os direitos morais de autor sobre &#8220;\u00c1rvore Comemorativa&#8221;.<\/p>\n\n\n\n<p>Artigo relacionado: <a href=\"https:\/\/monolith.law\/corporate\/intellectual-property-infringement-risk\" target=\"_blank\" rel=\"noreferrer noopener\">Riscos e medidas de viola\u00e7\u00e3o de direitos de propriedade intelectual, como patentes, marcas e direitos autorais[ja]<\/a><\/p>\n\n\n\n<p>Artigo relacionado: <a href=\"https:\/\/monolith.law\/reputation\/defamation-counterclaim-flow\" target=\"_blank\" rel=\"noreferrer noopener\">Explica\u00e7\u00e3o do fluxo de processos de difama\u00e7\u00e3o e contra-a\u00e7\u00f5es[ja]<\/a><\/p>\n\n\n\n<h3 class=\"wp-block-heading\"><span class=\"ez-toc-section\" id=\"Decisao_do_tribunal_de_primeira_instancia_rejeicao_do_pedido_do_autor\"><\/span>Decis\u00e3o do tribunal de primeira inst\u00e2ncia: rejei\u00e7\u00e3o do pedido do autor<span class=\"ez-toc-section-end\"><\/span><\/h3>\n\n\n\n<figure class=\"wp-block-image size-full\"><img decoding=\"async\" src=\"https:\/\/monolith.law\/wp-content\/uploads\/2023\/01\/shutterstock_2227057063.jpg\" alt=\"\u7b2c1\u5be9\u306e\u5224\u65ad\uff1a\u539f\u544a\u306e\u8acb\u6c42\u3092\u5374\u4e0b\" class=\"wp-image-58618\" \/><\/figure>\n\n\n\n<p>O lado do autor argumentou que cerca de 72% das duas m\u00fasicas eram id\u00eanticas, e os sons restantes tamb\u00e9m poderiam coexistir na mesma harmonia. Afirmaram que, com t\u00e9cnicas de arranjo, as duas m\u00fasicas poderiam ser variadas instantaneamente, e que as melodias das duas m\u00fasicas eram id\u00eanticas.<\/p>\n\n\n\n<p>Al\u00e9m disso, argumentaram que &#8220;Vamos at\u00e9 ao fim&#8221; foi publicada em v\u00e1rios arranjos, apareceu em livros did\u00e1ticos e foi lan\u00e7ada em numerosos discos, CDs e publica\u00e7\u00f5es, tornando-se t\u00e3o conhecida que ningu\u00e9m poderia alegar desconhec\u00ea-la. Portanto, alegaram que &#8220;\u00c1rvore Comemorativa&#8221; era uma c\u00f3pia de &#8220;Vamos at\u00e9 ao fim&#8221;, criada com base nela.<\/p>\n\n\n\n<p>Por outro lado, o r\u00e9u apontou partes da melodia e argumentou que o impacto que cada parte da melodia tem no ouvinte \u00e9 essencialmente diferente nas duas m\u00fasicas. Al\u00e9m disso, argumentou que n\u00e3o havia identidade em termos de forma ou harmonia, e que &#8220;Vamos at\u00e9 ao fim&#8221; era composta por uma sequ\u00eancia de frases musicais comuns que coincidiam com m\u00fasicas americanas anteriores e can\u00e7\u00f5es folcl\u00f3ricas russas. Portanto, mesmo que n\u00e3o conhecessem &#8220;Vamos at\u00e9 ao fim&#8221;, era prov\u00e1vel que frases semelhantes fossem criadas por acaso.<\/p>\n\n\n\n<p>Em resposta a isso, o Tribunal Distrital de T\u00f3quio decidiu que, ao julgar a identidade das duas m\u00fasicas, a identidade da melodia deve ser considerada em primeiro lugar, mas outros elementos tamb\u00e9m devem ser considerados conforme necess\u00e1rio. O tribunal comparou as duas m\u00fasicas frase por frase para julgar sua identidade, e admitiu que havia frases que eram consideravelmente semelhantes em partes, mas n\u00e3o chegou a admitir que havia identidade em cada frase.<\/p>\n\n\n\n<blockquote class=\"wp-block-quote\">\n<p>As duas m\u00fasicas, no elemento mais importante para a compara\u00e7\u00e3o, a melodia, n\u00e3o podem ser consideradas id\u00eanticas, e embora a harmonia possa ser dita para ter a mesma estrutura b\u00e1sica, cada harmonia individual \u00e9 diferente, assim como o ritmo. Portanto, sem sequer julgar os demais pontos, n\u00e3o se pode admitir que &#8220;\u00c1rvore Comemorativa&#8221; tem identidade com &#8220;Vamos at\u00e9 ao fim&#8221;, e n\u00e3o se pode dizer que &#8220;\u00c1rvore Comemorativa&#8221; \u00e9 uma c\u00f3pia de &#8220;Vamos at\u00e9 ao fim&#8221;.<\/p>\n<cite>Decis\u00e3o do Tribunal Distrital de T\u00f3quio, 18 de fevereiro de 2000<\/cite><\/blockquote>\n\n\n\n<p>Com isso, o tribunal rejeitou o pedido do Sr. Kobayashi e outros, e reconheceu que o Sr. Hattori detinha os direitos morais de autor sobre &#8220;\u00c1rvore Comemorativa&#8221;.<\/p>\n\n\n\n<p>Insatisfeitos com isso, o Sr. Kobayashi e outros apelaram para o Tribunal Superior de T\u00f3quio.<\/p>\n\n\n\n<h3 class=\"wp-block-heading\"><span class=\"ez-toc-section\" id=\"Decisao_do_tribunal_de_apelacao_reconhecimento_do_pedido_do_autor\"><\/span>Decis\u00e3o do tribunal de apela\u00e7\u00e3o: reconhecimento do pedido do autor<span class=\"ez-toc-section-end\"><\/span><\/h3>\n\n\n\n<p>Na apela\u00e7\u00e3o, o Sr. Kobayashi e outros retiraram a alega\u00e7\u00e3o de viola\u00e7\u00e3o do direito de reprodu\u00e7\u00e3o. Em vez disso, argumentaram que &#8220;\u00c1rvore Comemorativa&#8221; se enquadrava na defini\u00e7\u00e3o de obra derivada estabelecida no Artigo 2, Par\u00e1grafo 1, Item 11 da Lei de Direitos Autorais Japonesa, e alegaram viola\u00e7\u00e3o do direito de arranjo.<\/p>\n\n\n\n<blockquote class=\"wp-block-quote\">\n<p>Artigo 2, Par\u00e1grafo 1, Item 11 da Lei de Direitos Autorais Japonesa<\/p>\n\n\n\n<p>Obra derivada: refere-se a uma obra criada pela tradu\u00e7\u00e3o, arranjo, transforma\u00e7\u00e3o, adapta\u00e7\u00e3o, cinematografia ou outra adapta\u00e7\u00e3o de uma obra.<\/p>\n<\/blockquote>\n\n\n\n<p>Ent\u00e3o, em vez de comparar frase por frase e julgar a identidade, como no caso de &#8220;reprodu\u00e7\u00e3o&#8221;, n\u00e3o \u00e9 muito apropriado julgar se \u00e9 um &#8220;arranjo&#8221;. A Lei de Direitos Autorais Japonesa n\u00e3o define especificamente o que \u00e9 um &#8220;arranjo&#8221; de uma m\u00fasica, mas h\u00e1 um precedente que define &#8220;adapta\u00e7\u00e3o&#8221;, que tem a mesma posi\u00e7\u00e3o que a adapta\u00e7\u00e3o de uma obra liter\u00e1ria, como:<\/p>\n\n\n\n<blockquote class=\"wp-block-quote\">\n<p>(Adapta\u00e7\u00e3o \u00e9) o ato de criar uma nova obra que permite ao leitor perceber diretamente as caracter\u00edsticas essenciais da express\u00e3o da obra original, mantendo a identidade essencial da express\u00e3o da obra original, e adicionando modifica\u00e7\u00f5es, adi\u00e7\u00f5es, altera\u00e7\u00f5es, etc., \u00e0 express\u00e3o concreta, ao criar novas express\u00f5es de pensamentos ou sentimentos, com base na obra original.<\/p>\n<cite>Decis\u00e3o do Supremo Tribunal, 28 de junho de 2001<\/cite><\/blockquote>\n\n\n\n<p>O tribunal decidiu que, de acordo com isso, &#8220;arranjo&#8221; \u00e9 o ato de criar uma nova m\u00fasica, que \u00e9 uma obra derivada, que permite ao ouvinte perceber diretamente as caracter\u00edsticas essenciais da express\u00e3o da m\u00fasica original, mantendo a identidade essencial da express\u00e3o da m\u00fasica original, e adicionando modifica\u00e7\u00f5es, adi\u00e7\u00f5es, altera\u00e7\u00f5es, etc., \u00e0 express\u00e3o concreta, ao criar novas express\u00f5es de pensamentos ou sentimentos, com base na m\u00fasica original.<\/p>\n\n\n\n<p>Com base nisso, o tribunal examinou a identidade das duas m\u00fasicas e decidiu:<\/p>\n\n\n\n<blockquote class=\"wp-block-quote\">\n<p>&#8220;\u00c1rvore Comemorativa&#8221; \u00e9 uma obra criada com base na m\u00fasica original &#8220;Vamos at\u00e9 ao fim&#8221;, mantendo a identidade essencial da express\u00e3o da m\u00fasica original, e adicionando modifica\u00e7\u00f5es, adi\u00e7\u00f5es, altera\u00e7\u00f5es, etc., \u00e0 express\u00e3o concreta, ao criar novas express\u00f5es de pensamentos ou sentimentos. Portanto, o ato do r\u00e9u de compor &#8220;\u00c1rvore Comemorativa&#8221; \u00e9 nada mais do que um arranjo da m\u00fasica original &#8220;Vamos at\u00e9 ao fim&#8221; sob a Lei de Direitos Autorais, e neste caso, onde \u00e9 claro que o r\u00e9u fez isso sem a permiss\u00e3o do autor do arranjo, a editora musical Kanei, o ato do r\u00e9u viola o direito de arranjo do autor.<\/p>\n<cite>Decis\u00e3o do Tribunal Superior de T\u00f3quio, 6 de setembro de 2002<\/cite><\/blockquote>\n\n\n\n<p>Com isso, o tribunal reconheceu que &#8220;\u00c1rvore Comemorativa&#8221; era uma obra derivada de &#8220;Vamos at\u00e9 ao fim&#8221;, e que o Sr. Hattori havia violado os direitos do autor original, que det\u00e9m os mesmos tipos de direitos que o autor da obra derivada.<\/p>\n\n\n\n<p>Al\u00e9m disso, o tribunal decidiu que o ato do Sr. Hattori de compor &#8220;\u00c1rvore Comemorativa&#8221;, que alterou &#8220;Vamos at\u00e9 ao fim&#8221; contra a vontade do Sr. Kobayashi, violava o direito de integridade, e que o ato de publicar &#8220;\u00c1rvore Comemorativa&#8221; como sua pr\u00f3pria obra, e n\u00e3o como uma obra derivada, violava o direito de atribui\u00e7\u00e3o de autoria. Portanto, o tribunal ordenou ao Sr. Hattori que pagasse ao Sr. Kobayashi uma indeniza\u00e7\u00e3o de 5 milh\u00f5es de ienes e 1 milh\u00e3o de ienes em honor\u00e1rios advocat\u00edcios, totalizando 6 milh\u00f5es de ienes, e \u00e0 editora musical Kanei uma indeniza\u00e7\u00e3o de 3.394.120 ienes.<\/p>\n\n\n\n<p>Em resposta a isso, o Sr. Hattori apelou para o Supremo Tribunal, mas a apela\u00e7\u00e3o foi rejeitada (11 de mar\u00e7o de 2003), e a decis\u00e3o tornou-se final.<\/p>\n\n\n\n<h2 class=\"wp-block-heading\"><span class=\"ez-toc-section\" id=\"Conclusao_Consulte_um_advogado_sobre_direitos_autorais\"><\/span>Conclus\u00e3o: Consulte um advogado sobre direitos autorais<span class=\"ez-toc-section-end\"><\/span><\/h2>\n\n\n\n<p>Na cria\u00e7\u00e3o, \u00e9 necess\u00e1rio ter especial cuidado quando existe uma obra original subjacente. N\u00e3o se trata apenas de uma simples viola\u00e7\u00e3o do direito de c\u00f3pia, mas tamb\u00e9m \u00e9 uma quest\u00e3o importante se a obra \u00e9 uma &#8220;obra derivada&#8221;. Isto envolve o grau de modifica\u00e7\u00e3o ou arranjo da obra original. A linha de demarca\u00e7\u00e3o \u00e9 muito delicada e, muitas vezes, \u00e9 necess\u00e1rio uma verifica\u00e7\u00e3o sob uma perspectiva especializada para evitar riscos legais. Para as empresas, recomendamos fortemente que recebam uma verifica\u00e7\u00e3o legal por um advogado como parte da gest\u00e3o de riscos.<\/p>\n\n\n\n<h2 class=\"wp-block-heading\"><span class=\"ez-toc-section\" id=\"Apresentacao_das_medidas_tomadas_pelo_nosso_escritorio\"><\/span>Apresenta\u00e7\u00e3o das medidas tomadas pelo nosso escrit\u00f3rio<span class=\"ez-toc-section-end\"><\/span><\/h2>\n\n\n\n<p>O escrit\u00f3rio de advocacia Monolith \u00e9 um escrit\u00f3rio de advocacia com alta especializa\u00e7\u00e3o em IT, especialmente na intersec\u00e7\u00e3o entre a Internet e a lei. Quest\u00f5es de direitos autorais requerem um julgamento altamente especializado. No nosso escrit\u00f3rio, criamos e revisamos contratos para uma variedade de casos, desde empresas listadas na Bolsa de Valores de T\u00f3quio at\u00e9 startups. Se tiver problemas com direitos autorais, consulte o artigo abaixo.<\/p>\n\n\n\n<p>\u00c1reas de atua\u00e7\u00e3o do escrit\u00f3rio de advocacia Monolith: <a href=\"https:\/\/monolith.law\/practices\/itlaw\" target=\"_blank\" rel=\"noreferrer noopener\">IT e propriedade intelectual de v\u00e1rias empresas[ja]<\/a><\/p>\n","protected":false},"excerpt":{"rendered":"<p>A quest\u00e3o do &#8220;pl\u00e1gio&#8221; de melodias musicais \u00e9 uma \u00e1rea complexa que se situa na intersec\u00e7\u00e3o entre criatividade e direitos de autor. Em particular, o famoso caso jur\u00eddico &#8220;Vamos at\u00e9 ao [&hellip;]<\/p>\n","protected":false},"author":32,"featured_media":69569,"comment_status":"open","ping_status":"open","sticky":false,"template":"","format":"standard","meta":{"footnotes":""},"categories":[17],"tags":[21,22],"acf":[],"_links":{"self":[{"href":"https:\/\/monolith.law\/pt\/wp-json\/wp\/v2\/posts\/58268"}],"collection":[{"href":"https:\/\/monolith.law\/pt\/wp-json\/wp\/v2\/posts"}],"about":[{"href":"https:\/\/monolith.law\/pt\/wp-json\/wp\/v2\/types\/post"}],"author":[{"embeddable":true,"href":"https:\/\/monolith.law\/pt\/wp-json\/wp\/v2\/users\/32"}],"replies":[{"embeddable":true,"href":"https:\/\/monolith.law\/pt\/wp-json\/wp\/v2\/comments?post=58268"}],"version-history":[{"count":2,"href":"https:\/\/monolith.law\/pt\/wp-json\/wp\/v2\/posts\/58268\/revisions"}],"predecessor-version":[{"id":69570,"href":"https:\/\/monolith.law\/pt\/wp-json\/wp\/v2\/posts\/58268\/revisions\/69570"}],"wp:featuredmedia":[{"embeddable":true,"href":"https:\/\/monolith.law\/pt\/wp-json\/wp\/v2\/media\/69569"}],"wp:attachment":[{"href":"https:\/\/monolith.law\/pt\/wp-json\/wp\/v2\/media?parent=58268"}],"wp:term":[{"taxonomy":"category","embeddable":true,"href":"https:\/\/monolith.law\/pt\/wp-json\/wp\/v2\/categories?post=58268"},{"taxonomy":"post_tag","embeddable":true,"href":"https:\/\/monolith.law\/pt\/wp-json\/wp\/v2\/tags?post=58268"}],"curies":[{"name":"wp","href":"https:\/\/api.w.org\/{rel}","templated":true}]}}